{"id":2029,"date":"2021-02-22T09:04:00","date_gmt":"2021-02-22T08:04:00","guid":{"rendered":"https:\/\/lesudacheval.fr\/non-classifiee\/treck-provence-vue-den-haut\/"},"modified":"2025-12-16T16:54:58","modified_gmt":"2025-12-16T15:54:58","slug":"luberon-trail-ride","status":"publish","type":"post","link":"https:\/\/lesudacheval.fr\/en\/horseback-riding\/luberon-trail-ride\/","title":{"rendered":"A 3-day trail ride in France: authentic Provence"},"content":{"rendered":"<p>[et_pb_section fb_built=&#8221;1&#8243; admin_label=&#8221;section&#8221; _builder_version=&#8221;4.16&#8243; custom_padding=&#8221;0px||0px|||&#8221; global_colors_info=&#8221;{}&#8221; theme_builder_area=&#8221;post_content&#8221;][et_pb_row column_structure=&#8221;3_5,2_5&#8243; _builder_version=&#8221;4.16&#8243; _module_preset=&#8221;default&#8221; background_image=&#8221;https:\/\/lesudacheval.fr\/\/wp-content\/uploads\/2021\/05\/rando-cheval-provence-vuedenhaut.jpg&#8221; width=&#8221;100%&#8221; max_width=&#8221;1428px&#8221; min_height=&#8221;438px&#8221; custom_margin=&#8221;||||false|false&#8221; custom_padding=&#8221;10%||||false|false&#8221; global_colors_info=&#8221;{}&#8221; theme_builder_area=&#8221;post_content&#8221;][et_pb_column type=&#8221;3_5&#8243; _builder_version=&#8221;4.16&#8243; _module_preset=&#8221;default&#8221; global_colors_info=&#8221;{}&#8221; theme_builder_area=&#8221;post_content&#8221;][et_pb_text _builder_version=&#8221;4.17.6&#8243; _module_preset=&#8221;default&#8221; text_text_color=&#8221;#FFFFFF&#8221; text_font_size=&#8221;20px&#8221; text_line_height=&#8221;1.3em&#8221; header_text_color=&#8221;#ffdc00&#8243; header_font_size=&#8221;27px&#8221; custom_margin=&#8221;-5%||||false|false&#8221; custom_padding=&#8221;0px|||5%|false|false&#8221; global_colors_info=&#8221;{}&#8221; theme_builder_area=&#8221;post_content&#8221;]<\/p>\n<h1><strong><em>The <\/em><\/strong><strong><em>Luberon<\/em>,<\/strong> <strong><em>heart of Provence<\/em><\/strong><br \/><span style=\"font-size: 0.8em; color: #fff;\"><strong><em>A 3 days trail ride starting from Lauris, south of France, near Aix-en-Provence<\/em><\/strong><\/span><\/h1>\n<p>[\/et_pb_text][\/et_pb_column][et_pb_column type=&#8221;2_5&#8243; _builder_version=&#8221;4.16&#8243; _module_preset=&#8221;default&#8221; global_colors_info=&#8221;{}&#8221; theme_builder_area=&#8221;post_content&#8221;][\/et_pb_column][\/et_pb_row][et_pb_row admin_label=&#8221;row&#8221; _builder_version=&#8221;4.16&#8243; background_size=&#8221;initial&#8221; background_position=&#8221;top_left&#8221; background_repeat=&#8221;repeat&#8221; custom_padding=&#8221;||9px|||&#8221; global_colors_info=&#8221;{}&#8221; theme_builder_area=&#8221;post_content&#8221;][et_pb_column type=&#8221;4_4&#8243; _builder_version=&#8221;4.16&#8243; custom_padding=&#8221;|||&#8221; global_colors_info=&#8221;{}&#8221; custom_padding__hover=&#8221;|||&#8221; theme_builder_area=&#8221;post_content&#8221;][et_pb_text admin_label=&#8221;Text&#8221; _builder_version=&#8221;4.17.6&#8243; background_size=&#8221;initial&#8221; background_position=&#8221;top_left&#8221; background_repeat=&#8221;repeat&#8221; global_colors_info=&#8221;{}&#8221; theme_builder_area=&#8221;post_content&#8221;]<\/p>\n<h3 style=\"text-align: center;\"><em><strong>A 3 days trail ride starting from Lauris which brings you to discover Provence from the Luberon peaks.<\/strong><\/em><\/h3>\n<p><strong>We suggest 2 routes for this itinerant trek\u00a0<\/strong>in the <strong>Luberon<\/strong><\/p>\n<\/p>\n<p>[\/et_pb_text][\/et_pb_column][\/et_pb_row][et_pb_row column_structure=&#8221;3_5,2_5&#8243; _builder_version=&#8221;4.16&#8243; _module_preset=&#8221;default&#8221; global_colors_info=&#8221;{}&#8221; theme_builder_area=&#8221;post_content&#8221;][et_pb_column type=&#8221;3_5&#8243; _builder_version=&#8221;4.16&#8243; _module_preset=&#8221;default&#8221; global_colors_info=&#8221;{}&#8221; theme_builder_area=&#8221;post_content&#8221;][et_pb_text _builder_version=&#8221;4.16&#8243; _module_preset=&#8221;default&#8221; global_colors_info=&#8221;{}&#8221; theme_builder_area=&#8221;post_content&#8221;]<\/p>\n<h4 style=\"text-align: center;\"><strong>Horse riding tour <em>\u201cthe colors of the Luberon\u201d<\/em>\u00a0<\/strong><\/h4>\n<p>An itinerant trek in the heart of typical Provencal colors<\/p>\n<p style=\"text-align: justify;\">We cross the Luberon through the Cedar Forest, with its century old trees of a very deep green, then we arrive in the Calavon Valley with its lavender fields and their pastel blue-purple shades and its wild ocher around the bend of a path. Then we will return by the Aigue Brun Valley, surrounded by a rich variety of undergrowth, with passages on the high plateaus that laze under the sunlit purity of the Southern skies.<\/p>\n<p><strong>Groups are limited to 4 riders + the guide<\/strong><\/p>\n<p><strong>Lodging:<\/strong> lodges on the way<br \/>\nMeals: Local family style evening meal, picnic from our saddle bags at noon[\/et_pb_text][\/et_pb_column][et_pb_column type=&#8221;2_5&#8243; _builder_version=&#8221;4.16&#8243; _module_preset=&#8221;default&#8221; global_colors_info=&#8221;{}&#8221; theme_builder_area=&#8221;post_content&#8221;][et_pb_image src=&#8221;https:\/\/lesudacheval.fr\/\/wp-content\/uploads\/2022\/02\/lavande.jpg&#8221; alt=&#8221;Luberon horseback&#8221; title_text=&#8221;lavande&#8221; _builder_version=&#8221;4.16&#8243; _module_preset=&#8221;default&#8221; global_colors_info=&#8221;{}&#8221; theme_builder_area=&#8221;post_content&#8221;][\/et_pb_image][\/et_pb_column][\/et_pb_row][et_pb_row column_structure=&#8221;1_3,2_3&#8243; _builder_version=&#8221;4.16&#8243; _module_preset=&#8221;default&#8221; global_colors_info=&#8221;{}&#8221; theme_builder_area=&#8221;post_content&#8221;][et_pb_column type=&#8221;1_3&#8243; _builder_version=&#8221;4.16&#8243; _module_preset=&#8221;default&#8221; global_colors_info=&#8221;{}&#8221; theme_builder_area=&#8221;post_content&#8221;][et_pb_image src=&#8221;https:\/\/lesudacheval.fr\/\/wp-content\/uploads\/2021\/12\/IMG_20210613_152447.jpg&#8221; alt=&#8221;Around the little Luberon&#8221; title_text=&#8221;Little luberon&#8221; _builder_version=&#8221;4.16&#8243; _module_preset=&#8221;default&#8221; global_colors_info=&#8221;{}&#8221; theme_builder_area=&#8221;post_content&#8221;][\/et_pb_image][\/et_pb_column][et_pb_column type=&#8221;2_3&#8243; _builder_version=&#8221;4.16&#8243; _module_preset=&#8221;default&#8221; global_colors_info=&#8221;{}&#8221; theme_builder_area=&#8221;post_content&#8221;][et_pb_text _builder_version=&#8221;4.16&#8243; _module_preset=&#8221;default&#8221; global_colors_info=&#8221;{}&#8221; theme_builder_area=&#8221;post_content&#8221;]<\/p>\n<h4 style=\"text-align: center;\"><strong>Horse riding tour \u201ct<em>he Shepherds\u2019 paths<\/em>\u201d\u00a0<\/strong><\/h4>\n<p style=\"text-align: justify;\">round the Little Luberon by the West: We start this itinerant trek going up on the peaks to the ancient village of Vaudois de Merindol and come down to the Durance River Valley. The we continue by the shepherds\u2019 paths above the valley to admire the faraway Alpille Mountains before going to the othe slope to come back by the hilltop village, Opp\u00e8de-le-Vieux, with a magnificent view of the Apt Valley and the Vaucluse mountains.<\/p>\n<p><strong>Groups are limited to 4 riders + the guide<\/strong><\/p>\n<p><strong>Lodging:<\/strong> Inn, yurt, wagon\u2026<br \/>\nMeals: Local family style evening meal, picnic from our saddle bags at noon[\/et_pb_text][\/et_pb_column][\/et_pb_row][et_pb_row column_structure=&#8221;1_3,1_3,1_3&#8243; make_equal=&#8221;on&#8221; _builder_version=&#8221;4.16&#8243; _module_preset=&#8221;default&#8221; custom_margin=&#8221;-16px|auto||auto||&#8221; custom_padding=&#8221;||0px|||&#8221; global_colors_info=&#8221;{}&#8221; theme_builder_area=&#8221;post_content&#8221;][et_pb_column type=&#8221;1_3&#8243; _builder_version=&#8221;4.16&#8243; _module_preset=&#8221;default&#8221; global_colors_info=&#8221;{}&#8221; theme_builder_area=&#8221;post_content&#8221;][et_pb_image src=&#8221;https:\/\/lesudacheval.fr\/\/wp-content\/uploads\/2022\/02\/image00047.jpg&#8221; title_text=&#8221;image00047&#8243; _builder_version=&#8221;4.16&#8243; _module_preset=&#8221;default&#8221; width=&#8221;99.8%&#8221; custom_padding=&#8221;|0px||||&#8221; global_colors_info=&#8221;{}&#8221; theme_builder_area=&#8221;post_content&#8221;][\/et_pb_image][\/et_pb_column][et_pb_column type=&#8221;1_3&#8243; _builder_version=&#8221;4.16&#8243; _module_preset=&#8221;default&#8221; global_colors_info=&#8221;{}&#8221; theme_builder_area=&#8221;post_content&#8221;][et_pb_image src=&#8221;https:\/\/lesudacheval.fr\/\/wp-content\/uploads\/2021\/06\/les-ocres-du-luberon.jpg&#8221; alt=&#8221;small Proven\u00e7al colorado&#8221; title_text=&#8221;ochers-of-the-luberon&#8221; _builder_version=&#8221;4.16&#8243; _module_preset=&#8221;default&#8221; custom_margin=&#8221;|13px||||&#8221; global_colors_info=&#8221;{}&#8221; theme_builder_area=&#8221;post_content&#8221;][\/et_pb_image][\/et_pb_column][et_pb_column type=&#8221;1_3&#8243; _builder_version=&#8221;4.16&#8243; _module_preset=&#8221;default&#8221; global_colors_info=&#8221;{}&#8221; theme_builder_area=&#8221;post_content&#8221;][et_pb_image src=&#8221;https:\/\/lesudacheval.fr\/\/wp-content\/uploads\/2021\/12\/plateau-luberon.jpg&#8221; alt=&#8221;a beautiful view of the luberon plateau&#8221; title_text=&#8221;Luberon&#8221; _builder_version=&#8221;4.16&#8243; _module_preset=&#8221;default&#8221; custom_padding=&#8221;|||8px||&#8221; global_colors_info=&#8221;{}&#8221; theme_builder_area=&#8221;post_content&#8221;][\/et_pb_image][\/et_pb_column][\/et_pb_row][et_pb_row column_structure=&#8221;3_5,2_5&#8243; _builder_version=&#8221;4.16&#8243; _module_preset=&#8221;default&#8221; custom_padding=&#8221;1px|||||&#8221; global_colors_info=&#8221;{}&#8221; theme_builder_area=&#8221;post_content&#8221;][et_pb_column type=&#8221;3_5&#8243; _builder_version=&#8221;4.16&#8243; _module_preset=&#8221;default&#8221; global_colors_info=&#8221;{}&#8221; theme_builder_area=&#8221;post_content&#8221;][et_pb_text _builder_version=&#8221;4.17.6&#8243; _module_preset=&#8221;default&#8221; hover_enabled=&#8221;0&#8243; global_colors_info=&#8221;{}&#8221; theme_builder_area=&#8221;post_content&#8221; sticky_enabled=&#8221;0&#8243;]<\/p>\n<h3 class=\"has-text-align-center\" style=\"text-align: left;\"><\/h3>\n<h3 class=\"has-text-align-center\" style=\"text-align: left;\"><span class=\"has-inline-color has-vivid-purple-color\">DEPARTURE DATES 2026 FOR THE 3 DAYS TREK IN THE LUBERON<\/span><\/h3>\n<p>&nbsp;<\/p>\n<p>All departures are assured<\/p>\n<p><a href=\"https:\/\/lesudacheval.fr\/en\/iinfo-horse-trekking-luberon-france\/dates-randos\/\">See the calendar of all the treks<\/a><\/p>\n<p><a href=\"https:\/\/lesudacheval.fr\/en\/reservation-horse-trekking-horseback\/\">Contact Us<\/a><\/p>\n<p>&nbsp;<\/p>\n<h3><span class=\"has-inline-color has-vivid-purple-color\">Prices<\/span><\/h3>\n<ul>\n<li>3 days on horseback, 2 nights with full pension : 335 \u20ac<\/li>\n<li>4 days on horseback, 3 nights with full pension : 580 \u20ac<\/li>\n<li>Half pension the night before the departure : contact us<\/li>\n<\/ul>\n<p>&nbsp;<\/p>\n<p><em>Our prices include the horse, its equipment, the guide, lodging, evening meals and midday picnics<\/em><\/p>\n<p>[\/et_pb_text][\/et_pb_column][et_pb_column type=&#8221;2_5&#8243; _builder_version=&#8221;4.16&#8243; _module_preset=&#8221;default&#8221; global_colors_info=&#8221;{}&#8221; theme_builder_area=&#8221;post_content&#8221;][et_pb_image src=&#8221;https:\/\/lesudacheval.fr\/\/wp-content\/uploads\/2022\/02\/12h31.jpg&#8221; alt=&#8221;Ocher canyons of the luberon &#8211; Provence&#8221; title_text=&#8221;canyons of the luberon on horseback&#8221; align=&#8221;right&#8221; force_fullwidth=&#8221;on&#8221; _builder_version=&#8221;4.16&#8243; _module_preset=&#8221;default&#8221; custom_margin=&#8221;0px||81px||false|false&#8221; custom_padding=&#8221;71px|||||&#8221; global_colors_info=&#8221;{}&#8221; theme_builder_area=&#8221;post_content&#8221;][\/et_pb_image][\/et_pb_column][\/et_pb_row][et_pb_row _builder_version=&#8221;4.16&#8243; _module_preset=&#8221;default&#8221; global_colors_info=&#8221;{}&#8221; theme_builder_area=&#8221;post_content&#8221;][et_pb_column type=&#8221;4_4&#8243; _builder_version=&#8221;4.16&#8243; _module_preset=&#8221;default&#8221; global_colors_info=&#8221;{}&#8221; theme_builder_area=&#8221;post_content&#8221;][et_pb_image src=&#8221;https:\/\/lesudacheval.fr\/\/wp-content\/uploads\/2022\/02\/P1120944.jpg&#8221; alt=&#8221;in the luberon with horse&#8221; title_text=&#8221;luberon-horse-france&#8221; _builder_version=&#8221;4.16&#8243; _module_preset=&#8221;default&#8221; global_colors_info=&#8221;{}&#8221; theme_builder_area=&#8221;post_content&#8221;][\/et_pb_image][\/et_pb_column][\/et_pb_row][et_pb_row column_structure=&#8221;1_2,1_2&#8243; _builder_version=&#8221;4.16&#8243; _module_preset=&#8221;default&#8221; background_color=&#8221;rgba(81,0,99,0.73)&#8221; width=&#8221;100%&#8221; max_width=&#8221;1468px&#8221; custom_margin=&#8221;0px|0px|0px|0px|false|true&#8221; custom_padding=&#8221;0px|0px|0px|0px|true|true&#8221; border_color_all=&#8221;#000000&#8243; border_width_top=&#8221;1px&#8221; global_colors_info=&#8221;{}&#8221; theme_builder_area=&#8221;post_content&#8221;][et_pb_column type=&#8221;1_2&#8243; _builder_version=&#8221;4.16&#8243; _module_preset=&#8221;default&#8221; global_colors_info=&#8221;{}&#8221; theme_builder_area=&#8221;post_content&#8221;][et_pb_text _builder_version=&#8221;4.16&#8243; _module_preset=&#8221;default&#8221; text_text_color=&#8221;#FFFFFF&#8221; text_font_size=&#8221;17px&#8221; header_3_text_color=&#8221;#FFFFFF&#8221; header_3_font_size=&#8221;21px&#8221; custom_padding=&#8221;4%||4%|10%|false|false&#8221; global_colors_info=&#8221;{}&#8221; theme_builder_area=&#8221;post_content&#8221;]<a style=\"font-size: 21px; color: #ffffff !important;\" href=\"https:\/\/lesudacheval.fr\/en\/reservation-horse-trekking-horseback\/\"><img loading=\"lazy\" decoding=\"async\" class=\"wp-image-873 alignnone size-full\" style=\"float: left;\" src=\"https:\/\/lesudacheval.fr\/\/wp-content\/uploads\/2021\/05\/fleche_RESA.png\" alt=\"BOOKING A HIKE\" width=\"73\" height=\"93\" \/>To register for this horseback ride:<\/a><br \/>\n<a style=\"color: #fff!important;\" href=\"https:\/\/lesudacheval.fr\/en\/reservation-horse-trekking-horseback\/\">By email or telephone to Isabelle and Didier M\u00e9jard <\/a>[\/et_pb_text][\/et_pb_column][et_pb_column type=&#8221;1_2&#8243; _builder_version=&#8221;4.16&#8243; _module_preset=&#8221;default&#8221; global_colors_info=&#8221;{}&#8221; theme_builder_area=&#8221;post_content&#8221;][et_pb_text _builder_version=&#8221;4.16&#8243; _module_preset=&#8221;default&#8221; custom_padding=&#8221;3%||||false|false&#8221; global_colors_info=&#8221;{}&#8221; theme_builder_area=&#8221;post_content&#8221;]<\/p>\n<p style=\"text-align: center;\"><a title=\"HORSEBACK RIDES PROVENCE LUBERON\" href=\"https:\/\/lesudacheval.fr\/en\/horse-trekking-provence-france\/\"><strong><span style=\"color: #ffffff;\">SEE ALL OTHER HORSEBACK RIDES\u00a0<\/span><\/strong><br \/>\n<img loading=\"lazy\" decoding=\"async\" class=\"wp-image-868 alignnone size-full\" style=\"margin-top: -2%; margin-right: 5px; float: right;\" src=\"https:\/\/lesudacheval.fr\/\/wp-content\/uploads\/2021\/05\/fleche-rando-jaune.png\" alt=\"See the other hikes\" width=\"230\" height=\"50\" \/><\/a><\/p>\n<p>[\/et_pb_text][\/et_pb_column][\/et_pb_row][\/et_pb_section]<\/p>\n","protected":false},"excerpt":{"rendered":"<p>A 3 day trail ride starting from Lauris which brings you to discover Provence from the Luberon peaks.<\/p>\n","protected":false},"author":1,"featured_media":0,"comment_status":"closed","ping_status":"closed","sticky":false,"template":"","format":"standard","meta":{"_et_pb_use_builder":"on","_et_pb_old_content":"","_et_gb_content_width":"","footnotes":""},"categories":[34],"tags":[],"class_list":["post-2029","post","type-post","status-publish","format-standard","hentry","category-horseback-riding"],"yoast_head":"<!-- This site is optimized with the Yoast SEO plugin v18.1 - https:\/\/yoast.com\/wordpress\/plugins\/seo\/ -->\n<title>Horse France riding holidays | A 3 days ride in Luberon, Provence<\/title>\n<meta name=\"description\" content=\"Le Sud \u00e0 Cheval | 3 days ride Luberon mountains in the south of France, discover the real provence | 3 days trail riding | trail riding mountains france\" \/>\n<meta name=\"robots\" content=\"index, follow, max-snippet:-1, max-image-preview:large, max-video-preview:-1\" \/>\n<link rel=\"canonical\" href=\"https:\/\/lesudacheval.fr\/en\/horseback-riding\/luberon-trail-ride\/\" \/>\n<meta property=\"og:locale\" content=\"en_GB\" \/>\n<meta property=\"og:type\" content=\"article\" \/>\n<meta property=\"og:title\" content=\"Horse France riding holidays | A 3 days ride in Luberon, Provence\" \/>\n<meta property=\"og:description\" content=\"Le Sud \u00e0 Cheval | 3 days ride Luberon mountains in the south of France, discover the real provence | 3 days trail riding | trail riding mountains france\" \/>\n<meta property=\"og:url\" content=\"https:\/\/lesudacheval.fr\/en\/horseback-riding\/luberon-trail-ride\/\" \/>\n<meta property=\"og:site_name\" content=\"Le Sud \u00e0 Cheval\" \/>\n<meta property=\"article:published_time\" content=\"2021-02-22T08:04:00+00:00\" \/>\n<meta property=\"article:modified_time\" content=\"2025-12-16T15:54:58+00:00\" \/>\n<meta property=\"og:image\" content=\"https:\/\/lesudacheval.fr\/\/wp-content\/uploads\/2021\/05\/fleche_RESA.png\" \/>\n<meta name=\"twitter:card\" content=\"summary_large_image\" \/>\n<script type=\"application\/ld+json\" class=\"yoast-schema-graph\">{\"@context\":\"https:\/\/schema.org\",\"@graph\":[{\"@type\":\"Organization\",\"@id\":\"https:\/\/lesudacheval.fr\/en\/#organization\",\"name\":\"Le sud \u00e0 cheval\",\"url\":\"https:\/\/lesudacheval.fr\/en\/\",\"sameAs\":[],\"logo\":{\"@type\":\"ImageObject\",\"@id\":\"https:\/\/lesudacheval.fr\/en\/#logo\",\"inLanguage\":\"en-GB\",\"url\":\"https:\/\/lesudacheval.fr\/\/wp-content\/uploads\/2021\/03\/logo-Le-Sud-A-Cheval-copie-2.jpg\",\"contentUrl\":\"https:\/\/lesudacheval.fr\/\/wp-content\/uploads\/2021\/03\/logo-Le-Sud-A-Cheval-copie-2.jpg\",\"width\":200,\"height\":209,\"caption\":\"Le sud \u00e0 cheval\"},\"image\":{\"@id\":\"https:\/\/lesudacheval.fr\/en\/#logo\"}},{\"@type\":\"WebSite\",\"@id\":\"https:\/\/lesudacheval.fr\/en\/#website\",\"url\":\"https:\/\/lesudacheval.fr\/en\/\",\"name\":\"Le Sud \u00e0 Cheval\",\"description\":\"Votre randonn\u00e9e \u00e0 cheval Luberon Provence\",\"publisher\":{\"@id\":\"https:\/\/lesudacheval.fr\/en\/#organization\"},\"potentialAction\":[{\"@type\":\"SearchAction\",\"target\":{\"@type\":\"EntryPoint\",\"urlTemplate\":\"https:\/\/lesudacheval.fr\/en\/?s={search_term_string}\"},\"query-input\":\"required name=search_term_string\"}],\"inLanguage\":\"en-GB\"},{\"@type\":\"ImageObject\",\"@id\":\"https:\/\/lesudacheval.fr\/en\/horseback-riding\/luberon-trail-ride\/#primaryimage\",\"inLanguage\":\"en-GB\",\"url\":\"https:\/\/lesudacheval.fr\/\/wp-content\/uploads\/2021\/05\/fleche_RESA.png\",\"contentUrl\":\"https:\/\/lesudacheval.fr\/\/wp-content\/uploads\/2021\/05\/fleche_RESA.png\"},{\"@type\":\"WebPage\",\"@id\":\"https:\/\/lesudacheval.fr\/en\/horseback-riding\/luberon-trail-ride\/#webpage\",\"url\":\"https:\/\/lesudacheval.fr\/en\/horseback-riding\/luberon-trail-ride\/\",\"name\":\"Horse France riding holidays | A 3 days ride in Luberon, Provence\",\"isPartOf\":{\"@id\":\"https:\/\/lesudacheval.fr\/en\/#website\"},\"primaryImageOfPage\":{\"@id\":\"https:\/\/lesudacheval.fr\/en\/horseback-riding\/luberon-trail-ride\/#primaryimage\"},\"datePublished\":\"2021-02-22T08:04:00+00:00\",\"dateModified\":\"2025-12-16T15:54:58+00:00\",\"description\":\"Le Sud \u00e0 Cheval | 3 days ride Luberon mountains in the south of France, discover the real provence | 3 days trail riding | trail riding mountains france\",\"breadcrumb\":{\"@id\":\"https:\/\/lesudacheval.fr\/en\/horseback-riding\/luberon-trail-ride\/#breadcrumb\"},\"inLanguage\":\"en-GB\",\"potentialAction\":[{\"@type\":\"ReadAction\",\"target\":[\"https:\/\/lesudacheval.fr\/en\/horseback-riding\/luberon-trail-ride\/\"]}]},{\"@type\":\"BreadcrumbList\",\"@id\":\"https:\/\/lesudacheval.fr\/en\/horseback-riding\/luberon-trail-ride\/#breadcrumb\",\"itemListElement\":[{\"@type\":\"ListItem\",\"position\":1,\"name\":\"Accueil\",\"item\":\"https:\/\/lesudacheval.fr\/en\/\"},{\"@type\":\"ListItem\",\"position\":2,\"name\":\"A 3-day trail ride in France: authentic Provence\"}]},{\"@type\":\"Article\",\"@id\":\"https:\/\/lesudacheval.fr\/en\/horseback-riding\/luberon-trail-ride\/#article\",\"isPartOf\":{\"@id\":\"https:\/\/lesudacheval.fr\/en\/horseback-riding\/luberon-trail-ride\/#webpage\"},\"author\":{\"@id\":\"https:\/\/lesudacheval.fr\/en\/#\/schema\/person\/eda3c09a1fe1ec247f3085e0dcfa04c2\"},\"headline\":\"A 3-day trail ride in France: authentic Provence\",\"datePublished\":\"2021-02-22T08:04:00+00:00\",\"dateModified\":\"2025-12-16T15:54:58+00:00\",\"mainEntityOfPage\":{\"@id\":\"https:\/\/lesudacheval.fr\/en\/horseback-riding\/luberon-trail-ride\/#webpage\"},\"wordCount\":1410,\"publisher\":{\"@id\":\"https:\/\/lesudacheval.fr\/en\/#organization\"},\"image\":{\"@id\":\"https:\/\/lesudacheval.fr\/en\/horseback-riding\/luberon-trail-ride\/#primaryimage\"},\"thumbnailUrl\":\"https:\/\/lesudacheval.fr\/\/wp-content\/uploads\/2021\/05\/fleche_RESA.png\",\"articleSection\":[\"Horseback riding\"],\"inLanguage\":\"en-GB\"},{\"@type\":\"Person\",\"@id\":\"https:\/\/lesudacheval.fr\/en\/#\/schema\/person\/eda3c09a1fe1ec247f3085e0dcfa04c2\",\"name\":\"admin6852\",\"sameAs\":[\"https:\/\/lesudacheval.fr\/\"]}]}<\/script>\n<!-- \/ Yoast SEO plugin. -->","yoast_head_json":{"title":"Horse France riding holidays | A 3 days ride in Luberon, Provence","description":"Le Sud \u00e0 Cheval | 3 days ride Luberon mountains in the south of France, discover the real provence | 3 days trail riding | trail riding mountains france","robots":{"index":"index","follow":"follow","max-snippet":"max-snippet:-1","max-image-preview":"max-image-preview:large","max-video-preview":"max-video-preview:-1"},"canonical":"https:\/\/lesudacheval.fr\/en\/horseback-riding\/luberon-trail-ride\/","og_locale":"en_GB","og_type":"article","og_title":"Horse France riding holidays | A 3 days ride in Luberon, Provence","og_description":"Le Sud \u00e0 Cheval | 3 days ride Luberon mountains in the south of France, discover the real provence | 3 days trail riding | trail riding mountains france","og_url":"https:\/\/lesudacheval.fr\/en\/horseback-riding\/luberon-trail-ride\/","og_site_name":"Le Sud \u00e0 Cheval","article_published_time":"2021-02-22T08:04:00+00:00","article_modified_time":"2025-12-16T15:54:58+00:00","og_image":[{"url":"https:\/\/lesudacheval.fr\/\/wp-content\/uploads\/2021\/05\/fleche_RESA.png"}],"twitter_card":"summary_large_image","schema":{"@context":"https:\/\/schema.org","@graph":[{"@type":"Organization","@id":"https:\/\/lesudacheval.fr\/en\/#organization","name":"Le sud \u00e0 cheval","url":"https:\/\/lesudacheval.fr\/en\/","sameAs":[],"logo":{"@type":"ImageObject","@id":"https:\/\/lesudacheval.fr\/en\/#logo","inLanguage":"en-GB","url":"https:\/\/lesudacheval.fr\/\/wp-content\/uploads\/2021\/03\/logo-Le-Sud-A-Cheval-copie-2.jpg","contentUrl":"https:\/\/lesudacheval.fr\/\/wp-content\/uploads\/2021\/03\/logo-Le-Sud-A-Cheval-copie-2.jpg","width":200,"height":209,"caption":"Le sud \u00e0 cheval"},"image":{"@id":"https:\/\/lesudacheval.fr\/en\/#logo"}},{"@type":"WebSite","@id":"https:\/\/lesudacheval.fr\/en\/#website","url":"https:\/\/lesudacheval.fr\/en\/","name":"Le Sud \u00e0 Cheval","description":"Votre randonn\u00e9e \u00e0 cheval Luberon Provence","publisher":{"@id":"https:\/\/lesudacheval.fr\/en\/#organization"},"potentialAction":[{"@type":"SearchAction","target":{"@type":"EntryPoint","urlTemplate":"https:\/\/lesudacheval.fr\/en\/?s={search_term_string}"},"query-input":"required name=search_term_string"}],"inLanguage":"en-GB"},{"@type":"ImageObject","@id":"https:\/\/lesudacheval.fr\/en\/horseback-riding\/luberon-trail-ride\/#primaryimage","inLanguage":"en-GB","url":"https:\/\/lesudacheval.fr\/\/wp-content\/uploads\/2021\/05\/fleche_RESA.png","contentUrl":"https:\/\/lesudacheval.fr\/\/wp-content\/uploads\/2021\/05\/fleche_RESA.png"},{"@type":"WebPage","@id":"https:\/\/lesudacheval.fr\/en\/horseback-riding\/luberon-trail-ride\/#webpage","url":"https:\/\/lesudacheval.fr\/en\/horseback-riding\/luberon-trail-ride\/","name":"Horse France riding holidays | A 3 days ride in Luberon, Provence","isPartOf":{"@id":"https:\/\/lesudacheval.fr\/en\/#website"},"primaryImageOfPage":{"@id":"https:\/\/lesudacheval.fr\/en\/horseback-riding\/luberon-trail-ride\/#primaryimage"},"datePublished":"2021-02-22T08:04:00+00:00","dateModified":"2025-12-16T15:54:58+00:00","description":"Le Sud \u00e0 Cheval | 3 days ride Luberon mountains in the south of France, discover the real provence | 3 days trail riding | trail riding mountains france","breadcrumb":{"@id":"https:\/\/lesudacheval.fr\/en\/horseback-riding\/luberon-trail-ride\/#breadcrumb"},"inLanguage":"en-GB","potentialAction":[{"@type":"ReadAction","target":["https:\/\/lesudacheval.fr\/en\/horseback-riding\/luberon-trail-ride\/"]}]},{"@type":"BreadcrumbList","@id":"https:\/\/lesudacheval.fr\/en\/horseback-riding\/luberon-trail-ride\/#breadcrumb","itemListElement":[{"@type":"ListItem","position":1,"name":"Accueil","item":"https:\/\/lesudacheval.fr\/en\/"},{"@type":"ListItem","position":2,"name":"A 3-day trail ride in France: authentic Provence"}]},{"@type":"Article","@id":"https:\/\/lesudacheval.fr\/en\/horseback-riding\/luberon-trail-ride\/#article","isPartOf":{"@id":"https:\/\/lesudacheval.fr\/en\/horseback-riding\/luberon-trail-ride\/#webpage"},"author":{"@id":"https:\/\/lesudacheval.fr\/en\/#\/schema\/person\/eda3c09a1fe1ec247f3085e0dcfa04c2"},"headline":"A 3-day trail ride in France: authentic Provence","datePublished":"2021-02-22T08:04:00+00:00","dateModified":"2025-12-16T15:54:58+00:00","mainEntityOfPage":{"@id":"https:\/\/lesudacheval.fr\/en\/horseback-riding\/luberon-trail-ride\/#webpage"},"wordCount":1410,"publisher":{"@id":"https:\/\/lesudacheval.fr\/en\/#organization"},"image":{"@id":"https:\/\/lesudacheval.fr\/en\/horseback-riding\/luberon-trail-ride\/#primaryimage"},"thumbnailUrl":"https:\/\/lesudacheval.fr\/\/wp-content\/uploads\/2021\/05\/fleche_RESA.png","articleSection":["Horseback riding"],"inLanguage":"en-GB"},{"@type":"Person","@id":"https:\/\/lesudacheval.fr\/en\/#\/schema\/person\/eda3c09a1fe1ec247f3085e0dcfa04c2","name":"admin6852","sameAs":["https:\/\/lesudacheval.fr\/"]}]}},"_links":{"self":[{"href":"https:\/\/lesudacheval.fr\/en\/wp-json\/wp\/v2\/posts\/2029","targetHints":{"allow":["GET"]}}],"collection":[{"href":"https:\/\/lesudacheval.fr\/en\/wp-json\/wp\/v2\/posts"}],"about":[{"href":"https:\/\/lesudacheval.fr\/en\/wp-json\/wp\/v2\/types\/post"}],"author":[{"embeddable":true,"href":"https:\/\/lesudacheval.fr\/en\/wp-json\/wp\/v2\/users\/1"}],"replies":[{"embeddable":true,"href":"https:\/\/lesudacheval.fr\/en\/wp-json\/wp\/v2\/comments?post=2029"}],"version-history":[{"count":20,"href":"https:\/\/lesudacheval.fr\/en\/wp-json\/wp\/v2\/posts\/2029\/revisions"}],"predecessor-version":[{"id":2753,"href":"https:\/\/lesudacheval.fr\/en\/wp-json\/wp\/v2\/posts\/2029\/revisions\/2753"}],"wp:attachment":[{"href":"https:\/\/lesudacheval.fr\/en\/wp-json\/wp\/v2\/media?parent=2029"}],"wp:term":[{"taxonomy":"category","embeddable":true,"href":"https:\/\/lesudacheval.fr\/en\/wp-json\/wp\/v2\/categories?post=2029"},{"taxonomy":"post_tag","embeddable":true,"href":"https:\/\/lesudacheval.fr\/en\/wp-json\/wp\/v2\/tags?post=2029"}],"curies":[{"name":"wp","href":"https:\/\/api.w.org\/{rel}","templated":true}]}}