{"id":2022,"date":"2021-02-22T09:06:00","date_gmt":"2021-02-22T08:06:00","guid":{"rendered":"https:\/\/lesudacheval.fr\/non-classifiee\/weekend-horseback-sud-france\/"},"modified":"2025-12-16T16:53:04","modified_gmt":"2025-12-16T15:53:04","slug":"weekend-horseback-sud-france","status":"publish","type":"post","link":"https:\/\/lesudacheval.fr\/en\/horseback-riding\/weekend-horseback-sud-france\/","title":{"rendered":"Weekend trail riding from 2 to 4 days : La Provence des contrastes"},"content":{"rendered":"<p>[et_pb_section fb_built=&#8221;1&#8243; admin_label=&#8221;section&#8221; _builder_version=&#8221;4.16&#8243; custom_padding=&#8221;0px||0px|||&#8221; global_colors_info=&#8221;{}&#8221; theme_builder_area=&#8221;post_content&#8221;][et_pb_row _builder_version=&#8221;4.16&#8243; _module_preset=&#8221;default&#8221; background_image=&#8221;https:\/\/lesudacheval.fr\/\/wp-content\/uploads\/2022\/02\/oliviers3.jpg&#8221; width=&#8221;100%&#8221; max_width=&#8221;1425px&#8221; min_height=&#8221;400px&#8221; custom_margin=&#8221;0px||||false|false&#8221; custom_padding=&#8221;10%||||false|false&#8221; global_colors_info=&#8221;{}&#8221; theme_builder_area=&#8221;post_content&#8221;][et_pb_column type=&#8221;4_4&#8243; _builder_version=&#8221;4.16&#8243; _module_preset=&#8221;default&#8221; global_colors_info=&#8221;{}&#8221; theme_builder_area=&#8221;post_content&#8221;][et_pb_text _builder_version=&#8221;4.16&#8243; _module_preset=&#8221;default&#8221; text_text_color=&#8221;#FFFFFF&#8221; text_font_size=&#8221;20px&#8221; text_line_height=&#8221;1.3em&#8221; header_text_color=&#8221;#0DA0C5&#8243; header_font_size=&#8221;29px&#8221; custom_margin=&#8221;-100px|50px||300px|false|false&#8221; custom_padding=&#8221;|||0%|false|false&#8221; text_text_shadow_style=&#8221;preset1&#8243; global_colors_info=&#8221;{}&#8221; theme_builder_area=&#8221;post_content&#8221;]<\/p>\n<h1 style=\"text-align: right;\"><span style=\"color: #993366;\"><strong><em><span style=\"color: #ff6600;\">Horse riding tour : A weekend in Provence on horseback, Provence land of contrast<\/span><\/em><\/strong><\/span><\/h1>\n<h1 style=\"text-align: right;\"><span style=\"color: #993366;\"><span style=\"font-size: 0.8em;\"><strong><em><span style=\"color: #ffff00;\">Weekend trail riding from 2 to 4 days starting from Lauris<\/span><\/em><\/strong><\/span><\/span><\/h1>\n<p style=\"text-align: right;\"><em style=\"color: #ffff00; font-size: 20px;\">&#8220;Between the Durance River and the Little Luberon,<br \/>the <strong>time of a weekend,<\/strong><\/em> <span style=\"color: #ffff00;\"><em>horse trekking to get you back to Nature\u201d<\/em><\/span><\/p>\n<p>[\/et_pb_text][\/et_pb_column][\/et_pb_row][et_pb_row _builder_version=&#8221;4.16&#8243; _module_preset=&#8221;default&#8221; global_colors_info=&#8221;{}&#8221; theme_builder_area=&#8221;post_content&#8221;][et_pb_column type=&#8221;4_4&#8243; _builder_version=&#8221;4.16&#8243; _module_preset=&#8221;default&#8221; global_colors_info=&#8221;{}&#8221; theme_builder_area=&#8221;post_content&#8221;][et_pb_text _builder_version=&#8221;4.16&#8243; _module_preset=&#8221;default&#8221; global_colors_info=&#8221;{}&#8221; theme_builder_area=&#8221;post_content&#8221;]<\/p>\n<h2>A weekend on horseback in Provence, in the south of France weekends on horseback from 2 to 4 days to discover Provence<br \/>\n<em style=\"font-size: 0.8em;\">Weekend circuits for discovering all the attractions of the Luberon, of Provence<\/em><\/h2>\n<p><strong><em>A 2-day &#8220;stay and go&#8221; horse trek,<\/em><\/strong><em>over a <strong>weekend<\/strong><\/em><br \/>\nLe Sud \u00e0 Cheval offers you its hiking ride &#8220;stay and go&#8221; with a return every evening to the same g\u00eete and very different routes each day.<br \/>\n<!-- divi:paragraph -->Between the Durance River valley and the Little Luberon, in the heart of real Provence, we ride among grape vines, olive trees, almond trees and green oak to the sound of crickets (in Summer), surrounded by the fragrant scrubland. <strong>If you want to make the weekend a little longer, let us know. We can add Friday and \/ or Monday<br \/>\n <a href=\"\">Dates for a weekend on horseback&gt;&gt;<\/a><\/strong><\/p>\n<p><!-- \/divi:paragraph -->[\/et_pb_text][\/et_pb_column][\/et_pb_row][et_pb_row column_structure=&#8221;1_3,1_3,1_3&#8243; _builder_version=&#8221;4.16&#8243; _module_preset=&#8221;default&#8221; background_color=&#8221;rgba(156,105,191,0.88)&#8221; width=&#8221;100%&#8221; max_width=&#8221;1441px&#8221; global_colors_info=&#8221;{}&#8221; theme_builder_area=&#8221;post_content&#8221;][et_pb_column type=&#8221;1_3&#8243; _builder_version=&#8221;4.16&#8243; _module_preset=&#8221;default&#8221; global_colors_info=&#8221;{}&#8221; theme_builder_area=&#8221;post_content&#8221;][et_pb_image src=&#8221;https:\/\/lesudacheval.fr\/\/wp-content\/uploads\/2021\/02\/suivez-le-guide-en-rouge3-300&#215;200.jpg&#8221; alt=&#8221;Provence land of contrast trail riding&#8221; title_text=&#8221;horseback-provence&#8221; force_fullwidth=&#8221;on&#8221; _builder_version=&#8221;4.16&#8243; _module_preset=&#8221;default&#8221; custom_margin=&#8221;|0px||0px|false|false&#8221; custom_padding=&#8221;0px|0px|0px|0px|false|false&#8221; global_colors_info=&#8221;{}&#8221; theme_builder_area=&#8221;post_content&#8221;][\/et_pb_image][\/et_pb_column][et_pb_column type=&#8221;1_3&#8243; _builder_version=&#8221;4.16&#8243; _module_preset=&#8221;default&#8221; global_colors_info=&#8221;{}&#8221; theme_builder_area=&#8221;post_content&#8221;][et_pb_image src=&#8221;https:\/\/lesudacheval.fr\/\/wp-content\/uploads\/2021\/05\/provence-contrastes-2-1.jpg&#8221; alt=&#8221;a cheval, la provence des contrastes&#8221; title_text=&#8221;provence-contrastes-2&#8243; force_fullwidth=&#8221;on&#8221; _builder_version=&#8221;4.16&#8243; _module_preset=&#8221;default&#8221; custom_margin=&#8221;|0px||0px|false|false&#8221; custom_padding=&#8221;|0px||0px|false|false&#8221; global_colors_info=&#8221;{}&#8221; theme_builder_area=&#8221;post_content&#8221;][\/et_pb_image][\/et_pb_column][et_pb_column type=&#8221;1_3&#8243; _builder_version=&#8221;4.16&#8243; _module_preset=&#8221;default&#8221; global_colors_info=&#8221;{}&#8221; theme_builder_area=&#8221;post_content&#8221;][et_pb_image src=&#8221;https:\/\/lesudacheval.fr\/\/wp-content\/uploads\/2021\/02\/sapins.jpg&#8221; alt=&#8221;provence, lavender and forest&#8221; title_text=&#8221;fir&#8221; force_fullwidth=&#8221;on&#8221; _builder_version=&#8221;4.16&#8243; _module_preset=&#8221;default&#8221; custom_margin=&#8221;|0px||0px|false|false&#8221; custom_padding=&#8221;|0px||0px|false|false&#8221; global_colors_info=&#8221;{}&#8221; theme_builder_area=&#8221;post_content&#8221;][\/et_pb_image][\/et_pb_column][\/et_pb_row][et_pb_row admin_label=&#8221;row&#8221; _builder_version=&#8221;4.16&#8243; background_size=&#8221;initial&#8221; background_position=&#8221;top_left&#8221; background_repeat=&#8221;repeat&#8221; global_colors_info=&#8221;{}&#8221; theme_builder_area=&#8221;post_content&#8221;][et_pb_column type=&#8221;4_4&#8243; _builder_version=&#8221;4.16&#8243; custom_padding=&#8221;|||&#8221; global_colors_info=&#8221;{}&#8221; custom_padding__hover=&#8221;|||&#8221; theme_builder_area=&#8221;post_content&#8221;][et_pb_text admin_label=&#8221;Text&#8221; _builder_version=&#8221;4.16&#8243; background_size=&#8221;initial&#8221; background_position=&#8221;top_left&#8221; background_repeat=&#8221;repeat&#8221; global_colors_info=&#8221;{}&#8221; theme_builder_area=&#8221;post_content&#8221;]We ride along and cross the Durance, a beautiful and capricious river that goes through all of Provence. We will climb the Luberon peaks to admire the splendid panoramas, taking advantage of the southern sunlight <\/p>\n<p><!-- \/divi:paragraph --><\/p>\n<p><!-- \/divi:paragraph -->[\/et_pb_text][et_pb_image src=&#8221;https:\/\/lesudacheval.fr\/\/wp-content\/uploads\/2021\/06\/la-durance-1.jpg&#8221; title_text=&#8221;the-durance&#8221; _builder_version=&#8221;4.16&#8243; _module_preset=&#8221;default&#8221; global_colors_info=&#8221;{}&#8221; theme_builder_area=&#8221;post_content&#8221;][\/et_pb_image][et_pb_text _builder_version=&#8221;4.16&#8243; _module_preset=&#8221;default&#8221; global_colors_info=&#8221;{}&#8221; theme_builder_area=&#8221;post_content&#8221;]<strong>Groups are limited to 4 riders + the guide<br \/>\n<!-- divi:paragraph --> Lodging:<\/strong> eco-lodge in a typical Provencal \u201cmas\u201d near the corral<br \/>\n<!-- divi:paragraph --><strong>Meals:<\/strong> Local family style evening meal, picnic from our saddle bags at noon[\/et_pb_text][\/et_pb_column][\/et_pb_row][et_pb_row column_structure=&#8221;1_2,1_2&#8243; _builder_version=&#8221;4.16&#8243; _module_preset=&#8221;default&#8221; custom_padding=&#8221;4px|||||&#8221; global_colors_info=&#8221;{}&#8221; theme_builder_area=&#8221;post_content&#8221;][et_pb_column type=&#8221;1_2&#8243; _builder_version=&#8221;4.16&#8243; _module_preset=&#8221;default&#8221; global_colors_info=&#8221;{}&#8221; theme_builder_area=&#8221;post_content&#8221;][et_pb_text _builder_version=&#8221;4.17.6&#8243; _module_preset=&#8221;default&#8221; width=&#8221;100%&#8221; custom_margin=&#8221;||||false|false&#8221; custom_padding=&#8221;||||false|false&#8221; hover_enabled=&#8221;0&#8243; global_colors_info=&#8221;{}&#8221; theme_builder_area=&#8221;post_content&#8221; sticky_enabled=&#8221;0&#8243;]<\/p>\n<h3 id=\"weekend-cheval-dates\" class=\"has-text-align-center\" style=\"text-align: left;\"><span class=\"has-inline-color has-vivid-purple-color\">2026 Departure dates for our weekend treks:<\/span><\/h3>\n<p><a title=\"calendar\" href=\"https:\/\/lesudacheval.fr\/\/randos-cheval-provence\/dates-randos\/\">See the calendar<\/a><br \/>You can add Friday or Monday in addition to the Weekend, according to your choice, for weekends of 3 days to 4 days.<br \/><strong>And if other dates than those presented would suit you, do not hesitate to call us to ask us for additional dates.<\/strong><\/p>\n<h2><span class=\"has-inline-color has-vivid-purple-color\">Prices for week end treks:<\/span><\/h2>\n<p>&nbsp;<\/p>\n<p><!-- divi:list --><\/p>\n<ul>\n<li><strong> Week end 2 days :<\/strong>\n<ul>\n<li><strong>2 days on horseback, 1 night with full pension : 375\u20ac<\/strong><\/li>\n<\/ul>\n<\/li>\n<li><strong>Week end 3 days :<\/strong>\n<ul>\n<li><strong>3 days on horseback, 2 nights with full pension : 590\u20ac<\/strong><\/li>\n<\/ul>\n<\/li>\n<li><strong>Supplement\u00a0 for a half pension the night before we start contact us<\/strong><\/li>\n<\/ul>\n<p>&nbsp;<\/p>\n<p><!-- \/divi:list -->\u00a0<\/p>\n<p><!-- divi:paragraph --><em>Our prices include the horse, its equipment, the guide, lodging, evening meals and midday picnics<\/em><\/p>\n<p>&nbsp;<\/p>\n<p>&nbsp;<\/p>\n<p><!-- \/divi:paragraph -->\u00a0<\/p>\n<p><!-- \/divi:column -->\u00a0<\/p>\n<p><!-- divi:column --><\/p>\n<div class=\"wp-block-column\"><\/div>\n<p>[\/et_pb_text][\/et_pb_column][et_pb_column type=&#8221;1_2&#8243; _builder_version=&#8221;4.16&#8243; _module_preset=&#8221;default&#8221; global_colors_info=&#8221;{}&#8221; theme_builder_area=&#8221;post_content&#8221;][et_pb_image src=&#8221;https:\/\/lesudacheval.fr\/\/wp-content\/uploads\/2021\/06\/didier-mejard-et-Vasco.jpg&#8221; title_text=&#8221;didier-mejard-et-Vasco&#8221; disabled_on=&#8221;on|off|off&#8221; _builder_version=&#8221;4.16&#8243; _module_preset=&#8221;default&#8221; global_colors_info=&#8221;{}&#8221; theme_builder_area=&#8221;post_content&#8221;][\/et_pb_image][et_pb_image src=&#8221;https:\/\/lesudacheval.fr\/\/wp-content\/uploads\/2022\/02\/image00208.jpg&#8221; title_text=&#8221;image00208&#8243; disabled_on=&#8221;on|off|off&#8221; _builder_version=&#8221;4.16&#8243; _module_preset=&#8221;default&#8221; global_colors_info=&#8221;{}&#8221; theme_builder_area=&#8221;post_content&#8221;][\/et_pb_image][\/et_pb_column][\/et_pb_row][et_pb_row column_structure=&#8221;1_3,1_3,1_3&#8243; _builder_version=&#8221;4.16&#8243; _module_preset=&#8221;default&#8221; background_color=&#8221;#8300E9&#8243; width=&#8221;100%&#8221; max_width=&#8221;2560px&#8221; global_colors_info=&#8221;{}&#8221; theme_builder_area=&#8221;post_content&#8221;][et_pb_column type=&#8221;1_3&#8243; _builder_version=&#8221;4.16&#8243; _module_preset=&#8221;default&#8221; global_colors_info=&#8221;{}&#8221; theme_builder_area=&#8221;post_content&#8221;][et_pb_image src=&#8221;https:\/\/lesudacheval.fr\/\/wp-content\/uploads\/2022\/02\/galop.jpg&#8221; title_text=&#8221;gallop&#8221; align=&#8221;center&#8221; _builder_version=&#8221;4.16&#8243; _module_preset=&#8221;default&#8221; module_alignment=&#8221;center&#8221; custom_margin=&#8221;||-82px||false|false&#8221; custom_padding=&#8221;||79px|0px|false|false&#8221; global_colors_info=&#8221;{}&#8221; theme_builder_area=&#8221;post_content&#8221;][\/et_pb_image][\/et_pb_column][et_pb_column type=&#8221;1_3&#8243; _builder_version=&#8221;4.16&#8243; _module_preset=&#8221;default&#8221; global_colors_info=&#8221;{}&#8221; theme_builder_area=&#8221;post_content&#8221;][et_pb_image src=&#8221;https:\/\/lesudacheval.fr\/\/wp-content\/uploads\/2022\/02\/image00004.jpg&#8221; title_text=&#8221;image00004&#8243; _builder_version=&#8221;4.16&#8243; _module_preset=&#8221;default&#8221; width=&#8221;100%&#8221; height=&#8221;415px&#8221; custom_margin=&#8221;||-15px|||&#8221; custom_padding=&#8221;||0px|0px||&#8221; global_colors_info=&#8221;{}&#8221; theme_builder_area=&#8221;post_content&#8221;][\/et_pb_image][\/et_pb_column][et_pb_column type=&#8221;1_3&#8243; _builder_version=&#8221;4.16&#8243; _module_preset=&#8221;default&#8221; global_colors_info=&#8221;{}&#8221; theme_builder_area=&#8221;post_content&#8221;][et_pb_image src=&#8221;https:\/\/lesudacheval.fr\/\/wp-content\/uploads\/2022\/02\/Uiyaka.jpg&#8221; title_text=&#8221;Uiyaka&#8221; _builder_version=&#8221;4.16&#8243; _module_preset=&#8221;default&#8221; custom_padding=&#8221;|||0px|false|false&#8221; global_colors_info=&#8221;{}&#8221; theme_builder_area=&#8221;post_content&#8221;][\/et_pb_image][\/et_pb_column][\/et_pb_row][et_pb_row column_structure=&#8221;1_2,1_2&#8243; _builder_version=&#8221;4.16&#8243; _module_preset=&#8221;default&#8221; background_color=&#8221;rgba(81,0,99,0.73)&#8221; width=&#8221;100%&#8221; max_width=&#8221;1468px&#8221; custom_margin=&#8221;0px|0px|0px|0px|false|true&#8221; custom_padding=&#8221;0px|0px|0px|0px|true|true&#8221; border_color_all=&#8221;#000000&#8243; border_width_top=&#8221;1px&#8221; saved_tabs=&#8221;all&#8221; global_colors_info=&#8221;{}&#8221; theme_builder_area=&#8221;post_content&#8221;][et_pb_column type=&#8221;1_2&#8243; _builder_version=&#8221;4.16&#8243; _module_preset=&#8221;default&#8221; global_colors_info=&#8221;{}&#8221; theme_builder_area=&#8221;post_content&#8221;][et_pb_text _builder_version=&#8221;4.16&#8243; _module_preset=&#8221;default&#8221; text_text_color=&#8221;#FFFFFF&#8221; text_font_size=&#8221;17px&#8221; header_3_text_color=&#8221;#FFFFFF&#8221; header_3_font_size=&#8221;21px&#8221; custom_padding=&#8221;4%||4%|10%|false|false&#8221; global_colors_info=&#8221;{}&#8221; theme_builder_area=&#8221;post_content&#8221;]<a style=\"font-size: 21px; color: #ffffff !important;\" href=\"https:\/\/lesudacheval.fr\/en\/reservation-horse-trekking-horseback\/\"><img loading=\"lazy\" decoding=\"async\" class=\"wp-image-873 alignnone size-full\" style=\"float: left;\" src=\"https:\/\/lesudacheval.fr\/\/wp-content\/uploads\/2021\/05\/fleche_RESA.png\" alt=\"BOOKING A HIKE\" width=\"73\" height=\"93\">To register for this horseback ride:<\/a><br \/>\n<a style=\"color: #fff!important;\" href=\"https:\/\/lesudacheval.fr\/en\/reservation-horse-trekking-horseback\/\">By email or telephone to Isabelle and Didier M\u00e9jard <\/a>[\/et_pb_text][\/et_pb_column][et_pb_column type=&#8221;1_2&#8243; _builder_version=&#8221;4.16&#8243; _module_preset=&#8221;default&#8221; global_colors_info=&#8221;{}&#8221; theme_builder_area=&#8221;post_content&#8221;][et_pb_text _builder_version=&#8221;4.16&#8243; _module_preset=&#8221;default&#8221; custom_padding=&#8221;3%||||false|false&#8221; global_colors_info=&#8221;{}&#8221; theme_builder_area=&#8221;post_content&#8221;]<\/p>\n<p style=\"text-align: center;\"><a title=\"HORSEBACK RIDES PROVENCE LUBERON\" href=\"https:\/\/lesudacheval.fr\/en\/horse-trekking-provence-france\/\"><strong><span style=\"color: #ffffff;\">SEE ALL OTHER HORSEBACK RIDES <\/span><\/strong><br \/>\n<img loading=\"lazy\" decoding=\"async\" class=\"wp-image-868 alignnone size-full\" style=\"margin-top: -2%; margin-right: 5px; float: right;\" src=\"https:\/\/lesudacheval.fr\/\/wp-content\/uploads\/2021\/05\/fleche-rando-jaune.png\" alt=\"See the other hikes\" width=\"230\" height=\"50\"><\/a><\/p>\n<p>[\/et_pb_text][\/et_pb_column][\/et_pb_row][\/et_pb_section]<\/p>\n","protected":false},"excerpt":{"rendered":"<p>Weekend circuits for discovering all the attractions of the Luberon, of Provence.<\/p>\n","protected":false},"author":1,"featured_media":0,"comment_status":"closed","ping_status":"closed","sticky":false,"template":"","format":"standard","meta":{"_et_pb_use_builder":"on","_et_pb_old_content":"","_et_gb_content_width":"","footnotes":""},"categories":[34],"tags":[],"class_list":["post-2022","post","type-post","status-publish","format-standard","hentry","category-horseback-riding"],"yoast_head":"<!-- This site is optimized with the Yoast SEO plugin v18.1 - https:\/\/yoast.com\/wordpress\/plugins\/seo\/ -->\n<title>Weekend on horseback France | Provence land of contrast<\/title>\n<meta name=\"description\" content=\"Weekend on horseback, South of France, Provence | Take advantage of weekends all year round, Trail riding Weekend, come and taste Provence during a 2 or 3-day horse trek, Le Sud \u00e0 Cheval welcomes you, warm atmosphere, eco-gite accommodation | weekend horse\" \/>\n<meta name=\"robots\" content=\"index, follow, max-snippet:-1, max-image-preview:large, max-video-preview:-1\" \/>\n<link rel=\"canonical\" href=\"https:\/\/lesudacheval.fr\/en\/horseback-riding\/weekend-horseback-sud-france\/\" \/>\n<meta property=\"og:locale\" content=\"en_GB\" \/>\n<meta property=\"og:type\" content=\"article\" \/>\n<meta property=\"og:title\" content=\"Weekend on horseback France | Provence land of contrast\" \/>\n<meta property=\"og:description\" content=\"Weekend on horseback, South of France, Provence | Take advantage of weekends all year round, Trail riding Weekend, come and taste Provence during a 2 or 3-day horse trek, Le Sud \u00e0 Cheval welcomes you, warm atmosphere, eco-gite accommodation | weekend horse\" \/>\n<meta property=\"og:url\" content=\"https:\/\/lesudacheval.fr\/en\/horseback-riding\/weekend-horseback-sud-france\/\" \/>\n<meta property=\"og:site_name\" content=\"Le Sud \u00e0 Cheval\" \/>\n<meta property=\"article:published_time\" content=\"2021-02-22T08:06:00+00:00\" \/>\n<meta property=\"article:modified_time\" content=\"2025-12-16T15:53:04+00:00\" \/>\n<meta property=\"og:image\" content=\"https:\/\/lesudacheval.fr\/\/wp-content\/uploads\/2021\/05\/fleche_RESA.png\" \/>\n<meta name=\"twitter:card\" content=\"summary_large_image\" \/>\n<script type=\"application\/ld+json\" class=\"yoast-schema-graph\">{\"@context\":\"https:\/\/schema.org\",\"@graph\":[{\"@type\":\"Organization\",\"@id\":\"https:\/\/lesudacheval.fr\/en\/#organization\",\"name\":\"Le sud \u00e0 cheval\",\"url\":\"https:\/\/lesudacheval.fr\/en\/\",\"sameAs\":[],\"logo\":{\"@type\":\"ImageObject\",\"@id\":\"https:\/\/lesudacheval.fr\/en\/#logo\",\"inLanguage\":\"en-GB\",\"url\":\"https:\/\/lesudacheval.fr\/\/wp-content\/uploads\/2021\/03\/logo-Le-Sud-A-Cheval-copie-2.jpg\",\"contentUrl\":\"https:\/\/lesudacheval.fr\/\/wp-content\/uploads\/2021\/03\/logo-Le-Sud-A-Cheval-copie-2.jpg\",\"width\":200,\"height\":209,\"caption\":\"Le sud \u00e0 cheval\"},\"image\":{\"@id\":\"https:\/\/lesudacheval.fr\/en\/#logo\"}},{\"@type\":\"WebSite\",\"@id\":\"https:\/\/lesudacheval.fr\/en\/#website\",\"url\":\"https:\/\/lesudacheval.fr\/en\/\",\"name\":\"Le Sud \u00e0 Cheval\",\"description\":\"Votre randonn\u00e9e \u00e0 cheval Luberon Provence\",\"publisher\":{\"@id\":\"https:\/\/lesudacheval.fr\/en\/#organization\"},\"potentialAction\":[{\"@type\":\"SearchAction\",\"target\":{\"@type\":\"EntryPoint\",\"urlTemplate\":\"https:\/\/lesudacheval.fr\/en\/?s={search_term_string}\"},\"query-input\":\"required name=search_term_string\"}],\"inLanguage\":\"en-GB\"},{\"@type\":\"ImageObject\",\"@id\":\"https:\/\/lesudacheval.fr\/en\/horseback-riding\/weekend-horseback-sud-france\/#primaryimage\",\"inLanguage\":\"en-GB\",\"url\":\"https:\/\/lesudacheval.fr\/\/wp-content\/uploads\/2021\/05\/fleche_RESA.png\",\"contentUrl\":\"https:\/\/lesudacheval.fr\/\/wp-content\/uploads\/2021\/05\/fleche_RESA.png\"},{\"@type\":\"WebPage\",\"@id\":\"https:\/\/lesudacheval.fr\/en\/horseback-riding\/weekend-horseback-sud-france\/#webpage\",\"url\":\"https:\/\/lesudacheval.fr\/en\/horseback-riding\/weekend-horseback-sud-france\/\",\"name\":\"Weekend on horseback France | Provence land of contrast\",\"isPartOf\":{\"@id\":\"https:\/\/lesudacheval.fr\/en\/#website\"},\"primaryImageOfPage\":{\"@id\":\"https:\/\/lesudacheval.fr\/en\/horseback-riding\/weekend-horseback-sud-france\/#primaryimage\"},\"datePublished\":\"2021-02-22T08:06:00+00:00\",\"dateModified\":\"2025-12-16T15:53:04+00:00\",\"description\":\"Weekend on horseback, South of France, Provence | Take advantage of weekends all year round, Trail riding Weekend, come and taste Provence during a 2 or 3-day horse trek, Le Sud \u00e0 Cheval welcomes you, warm atmosphere, eco-gite accommodation | weekend horse\",\"breadcrumb\":{\"@id\":\"https:\/\/lesudacheval.fr\/en\/horseback-riding\/weekend-horseback-sud-france\/#breadcrumb\"},\"inLanguage\":\"en-GB\",\"potentialAction\":[{\"@type\":\"ReadAction\",\"target\":[\"https:\/\/lesudacheval.fr\/en\/horseback-riding\/weekend-horseback-sud-france\/\"]}]},{\"@type\":\"BreadcrumbList\",\"@id\":\"https:\/\/lesudacheval.fr\/en\/horseback-riding\/weekend-horseback-sud-france\/#breadcrumb\",\"itemListElement\":[{\"@type\":\"ListItem\",\"position\":1,\"name\":\"Accueil\",\"item\":\"https:\/\/lesudacheval.fr\/en\/\"},{\"@type\":\"ListItem\",\"position\":2,\"name\":\"Weekend trail riding from 2 to 4 days : La Provence des contrastes\"}]},{\"@type\":\"Article\",\"@id\":\"https:\/\/lesudacheval.fr\/en\/horseback-riding\/weekend-horseback-sud-france\/#article\",\"isPartOf\":{\"@id\":\"https:\/\/lesudacheval.fr\/en\/horseback-riding\/weekend-horseback-sud-france\/#webpage\"},\"author\":{\"@id\":\"https:\/\/lesudacheval.fr\/en\/#\/schema\/person\/eda3c09a1fe1ec247f3085e0dcfa04c2\"},\"headline\":\"Weekend trail riding from 2 to 4 days : La Provence des contrastes\",\"datePublished\":\"2021-02-22T08:06:00+00:00\",\"dateModified\":\"2025-12-16T15:53:04+00:00\",\"mainEntityOfPage\":{\"@id\":\"https:\/\/lesudacheval.fr\/en\/horseback-riding\/weekend-horseback-sud-france\/#webpage\"},\"wordCount\":1495,\"publisher\":{\"@id\":\"https:\/\/lesudacheval.fr\/en\/#organization\"},\"image\":{\"@id\":\"https:\/\/lesudacheval.fr\/en\/horseback-riding\/weekend-horseback-sud-france\/#primaryimage\"},\"thumbnailUrl\":\"https:\/\/lesudacheval.fr\/\/wp-content\/uploads\/2021\/05\/fleche_RESA.png\",\"articleSection\":[\"Horseback riding\"],\"inLanguage\":\"en-GB\"},{\"@type\":\"Person\",\"@id\":\"https:\/\/lesudacheval.fr\/en\/#\/schema\/person\/eda3c09a1fe1ec247f3085e0dcfa04c2\",\"name\":\"admin6852\",\"sameAs\":[\"https:\/\/lesudacheval.fr\/\"]}]}<\/script>\n<!-- \/ Yoast SEO plugin. -->","yoast_head_json":{"title":"Weekend on horseback France | Provence land of contrast","description":"Weekend on horseback, South of France, Provence | Take advantage of weekends all year round, Trail riding Weekend, come and taste Provence during a 2 or 3-day horse trek, Le Sud \u00e0 Cheval welcomes you, warm atmosphere, eco-gite accommodation | weekend horse","robots":{"index":"index","follow":"follow","max-snippet":"max-snippet:-1","max-image-preview":"max-image-preview:large","max-video-preview":"max-video-preview:-1"},"canonical":"https:\/\/lesudacheval.fr\/en\/horseback-riding\/weekend-horseback-sud-france\/","og_locale":"en_GB","og_type":"article","og_title":"Weekend on horseback France | Provence land of contrast","og_description":"Weekend on horseback, South of France, Provence | Take advantage of weekends all year round, Trail riding Weekend, come and taste Provence during a 2 or 3-day horse trek, Le Sud \u00e0 Cheval welcomes you, warm atmosphere, eco-gite accommodation | weekend horse","og_url":"https:\/\/lesudacheval.fr\/en\/horseback-riding\/weekend-horseback-sud-france\/","og_site_name":"Le Sud \u00e0 Cheval","article_published_time":"2021-02-22T08:06:00+00:00","article_modified_time":"2025-12-16T15:53:04+00:00","og_image":[{"url":"https:\/\/lesudacheval.fr\/\/wp-content\/uploads\/2021\/05\/fleche_RESA.png"}],"twitter_card":"summary_large_image","schema":{"@context":"https:\/\/schema.org","@graph":[{"@type":"Organization","@id":"https:\/\/lesudacheval.fr\/en\/#organization","name":"Le sud \u00e0 cheval","url":"https:\/\/lesudacheval.fr\/en\/","sameAs":[],"logo":{"@type":"ImageObject","@id":"https:\/\/lesudacheval.fr\/en\/#logo","inLanguage":"en-GB","url":"https:\/\/lesudacheval.fr\/\/wp-content\/uploads\/2021\/03\/logo-Le-Sud-A-Cheval-copie-2.jpg","contentUrl":"https:\/\/lesudacheval.fr\/\/wp-content\/uploads\/2021\/03\/logo-Le-Sud-A-Cheval-copie-2.jpg","width":200,"height":209,"caption":"Le sud \u00e0 cheval"},"image":{"@id":"https:\/\/lesudacheval.fr\/en\/#logo"}},{"@type":"WebSite","@id":"https:\/\/lesudacheval.fr\/en\/#website","url":"https:\/\/lesudacheval.fr\/en\/","name":"Le Sud \u00e0 Cheval","description":"Votre randonn\u00e9e \u00e0 cheval Luberon Provence","publisher":{"@id":"https:\/\/lesudacheval.fr\/en\/#organization"},"potentialAction":[{"@type":"SearchAction","target":{"@type":"EntryPoint","urlTemplate":"https:\/\/lesudacheval.fr\/en\/?s={search_term_string}"},"query-input":"required name=search_term_string"}],"inLanguage":"en-GB"},{"@type":"ImageObject","@id":"https:\/\/lesudacheval.fr\/en\/horseback-riding\/weekend-horseback-sud-france\/#primaryimage","inLanguage":"en-GB","url":"https:\/\/lesudacheval.fr\/\/wp-content\/uploads\/2021\/05\/fleche_RESA.png","contentUrl":"https:\/\/lesudacheval.fr\/\/wp-content\/uploads\/2021\/05\/fleche_RESA.png"},{"@type":"WebPage","@id":"https:\/\/lesudacheval.fr\/en\/horseback-riding\/weekend-horseback-sud-france\/#webpage","url":"https:\/\/lesudacheval.fr\/en\/horseback-riding\/weekend-horseback-sud-france\/","name":"Weekend on horseback France | Provence land of contrast","isPartOf":{"@id":"https:\/\/lesudacheval.fr\/en\/#website"},"primaryImageOfPage":{"@id":"https:\/\/lesudacheval.fr\/en\/horseback-riding\/weekend-horseback-sud-france\/#primaryimage"},"datePublished":"2021-02-22T08:06:00+00:00","dateModified":"2025-12-16T15:53:04+00:00","description":"Weekend on horseback, South of France, Provence | Take advantage of weekends all year round, Trail riding Weekend, come and taste Provence during a 2 or 3-day horse trek, Le Sud \u00e0 Cheval welcomes you, warm atmosphere, eco-gite accommodation | weekend horse","breadcrumb":{"@id":"https:\/\/lesudacheval.fr\/en\/horseback-riding\/weekend-horseback-sud-france\/#breadcrumb"},"inLanguage":"en-GB","potentialAction":[{"@type":"ReadAction","target":["https:\/\/lesudacheval.fr\/en\/horseback-riding\/weekend-horseback-sud-france\/"]}]},{"@type":"BreadcrumbList","@id":"https:\/\/lesudacheval.fr\/en\/horseback-riding\/weekend-horseback-sud-france\/#breadcrumb","itemListElement":[{"@type":"ListItem","position":1,"name":"Accueil","item":"https:\/\/lesudacheval.fr\/en\/"},{"@type":"ListItem","position":2,"name":"Weekend trail riding from 2 to 4 days : La Provence des contrastes"}]},{"@type":"Article","@id":"https:\/\/lesudacheval.fr\/en\/horseback-riding\/weekend-horseback-sud-france\/#article","isPartOf":{"@id":"https:\/\/lesudacheval.fr\/en\/horseback-riding\/weekend-horseback-sud-france\/#webpage"},"author":{"@id":"https:\/\/lesudacheval.fr\/en\/#\/schema\/person\/eda3c09a1fe1ec247f3085e0dcfa04c2"},"headline":"Weekend trail riding from 2 to 4 days : La Provence des contrastes","datePublished":"2021-02-22T08:06:00+00:00","dateModified":"2025-12-16T15:53:04+00:00","mainEntityOfPage":{"@id":"https:\/\/lesudacheval.fr\/en\/horseback-riding\/weekend-horseback-sud-france\/#webpage"},"wordCount":1495,"publisher":{"@id":"https:\/\/lesudacheval.fr\/en\/#organization"},"image":{"@id":"https:\/\/lesudacheval.fr\/en\/horseback-riding\/weekend-horseback-sud-france\/#primaryimage"},"thumbnailUrl":"https:\/\/lesudacheval.fr\/\/wp-content\/uploads\/2021\/05\/fleche_RESA.png","articleSection":["Horseback riding"],"inLanguage":"en-GB"},{"@type":"Person","@id":"https:\/\/lesudacheval.fr\/en\/#\/schema\/person\/eda3c09a1fe1ec247f3085e0dcfa04c2","name":"admin6852","sameAs":["https:\/\/lesudacheval.fr\/"]}]}},"_links":{"self":[{"href":"https:\/\/lesudacheval.fr\/en\/wp-json\/wp\/v2\/posts\/2022","targetHints":{"allow":["GET"]}}],"collection":[{"href":"https:\/\/lesudacheval.fr\/en\/wp-json\/wp\/v2\/posts"}],"about":[{"href":"https:\/\/lesudacheval.fr\/en\/wp-json\/wp\/v2\/types\/post"}],"author":[{"embeddable":true,"href":"https:\/\/lesudacheval.fr\/en\/wp-json\/wp\/v2\/users\/1"}],"replies":[{"embeddable":true,"href":"https:\/\/lesudacheval.fr\/en\/wp-json\/wp\/v2\/comments?post=2022"}],"version-history":[{"count":10,"href":"https:\/\/lesudacheval.fr\/en\/wp-json\/wp\/v2\/posts\/2022\/revisions"}],"predecessor-version":[{"id":2752,"href":"https:\/\/lesudacheval.fr\/en\/wp-json\/wp\/v2\/posts\/2022\/revisions\/2752"}],"wp:attachment":[{"href":"https:\/\/lesudacheval.fr\/en\/wp-json\/wp\/v2\/media?parent=2022"}],"wp:term":[{"taxonomy":"category","embeddable":true,"href":"https:\/\/lesudacheval.fr\/en\/wp-json\/wp\/v2\/categories?post=2022"},{"taxonomy":"post_tag","embeddable":true,"href":"https:\/\/lesudacheval.fr\/en\/wp-json\/wp\/v2\/tags?post=2022"}],"curies":[{"name":"wp","href":"https:\/\/api.w.org\/{rel}","templated":true}]}}